{"id":29707,"date":"2019-08-19T20:20:17","date_gmt":"2019-08-19T23:20:17","guid":{"rendered":"https:\/\/alacip.org\/?p=29707"},"modified":"2022-09-30T13:34:54","modified_gmt":"2022-09-30T16:34:54","slug":"11-congreso-latinoamericano-de-ciencia-politica","status":"publish","type":"post","link":"https:\/\/alacip.org\/?p=29707","title":{"rendered":"XI Congreso Latinoamericano de Ciencia Pol\u00edtica"},"content":{"rendered":"\n<figure class=\"wp-block-image size-large\"><img loading=\"lazy\" decoding=\"async\" width=\"1024\" height=\"577\" src=\"https:\/\/alacip.org\/wp-content\/uploads\/2022\/07\/CapaFACE-1024x577.png\" alt=\"\" class=\"wp-image-44438\" srcset=\"https:\/\/alacip.org\/wp-content\/uploads\/2022\/07\/CapaFACE-1024x577.png 1024w, https:\/\/alacip.org\/wp-content\/uploads\/2022\/07\/CapaFACE-300x169.png 300w, https:\/\/alacip.org\/wp-content\/uploads\/2022\/07\/CapaFACE-768x433.png 768w, https:\/\/alacip.org\/wp-content\/uploads\/2022\/07\/CapaFACE-1536x865.png 1536w, https:\/\/alacip.org\/wp-content\/uploads\/2022\/07\/CapaFACE.png 1640w\" sizes=\"auto, (max-width: 1024px) 100vw, 1024px\" \/><\/figure>\n\n\n\n<h1 class=\"has-text-align-center wp-block-heading\"><mark style=\"background-color:rgba(0, 0, 0, 0);color:#3bb5e9\" class=\"has-inline-color\"> XI Congreso Latinoamericano de Ciencia Pol\u00edtica<\/mark><\/h1>\n\n\n\n<h2 class=\"has-text-align-center wp-block-heading\"><mark style=\"background-color:rgba(0, 0, 0, 0)\" class=\"has-inline-color has-luminous-vivid-amber-color\">Desde Am\u00e9rica Latina Hacia el Mundo: Transformaciones Pol\u00edticas Post-pandemia<\/mark><\/h2>\n\n\n\n<p>La Asociaci\u00f3n Latinoamericana de Ciencia Pol\u00edtica (ALACIP), en coordinaci\u00f3n con la Asociaci\u00f3n Chilena de Ciencia Pol\u00edtica A.G. (ACCP), organizaron el XI Congreso Internacional de Ciencia Pol\u00edtica, durante los d\u00edas 21, 22 y 23 de julio de 2022 realizado de forma virtual.<\/p>\n\n\n\n<p>La realidad pol\u00edtica y social de nuestro continente se encuentra en un momento clave. Despu\u00e9s de una ola de protestas que recorri\u00f3 distintos pa\u00edses de la regi\u00f3n, Am\u00e9rica Latina se vio azotada por la peor pandemia en un siglo. El Covid-19 no s\u00f3lo ha tra\u00eddo enfermedad y muerte, sino que ha puesto en tensi\u00f3n la institucionalidad democr\u00e1tica, la gobernanza internacional en torno a los suministros de vacunas, y el rol de los populismos frente al conocimiento cient\u00edfico, entre otras instituciones. Asimismo, los desaf\u00edos que ha tra\u00eddo la pandemia han aumentado las desigualdades de nuestro continente, donde la clase social, el g\u00e9nero, las diversidades sexuales y las poblaciones ind\u00edgenas han sido elementos clave en el manejo sanitario y pol\u00edtico.<\/p>\n\n\n\n<p>Esta nueva ola ex\u00f3gena plantea desaf\u00edos concretos para nuestra disciplina, acostumbrada a comprender la pol\u00edtica y sus interacciones en marcos de normalidad. \u00bfC\u00f3mo han cambiado nuestras formas de conocer y estudiar la pol\u00edtica despu\u00e9s de la pandemia? \u00bfEstamos en un momento clave en el avance o retroceso de la democracia en la regi\u00f3n? \u00bfQu\u00e9 lecciones puede aprender el mundo sobre la forma en que Am\u00e9rica Latina a resistido la crisis global? Todas estas preguntas y m\u00e1s fueron parte del XI Congreso Internacional Alacip 2022.<\/p>\n\n\n\n<h2 class=\"has-text-align-center wp-block-heading\"><strong>Acceda al <\/strong><a rel=\"noreferrer noopener\" href=\"https:\/\/alacip.org\/?p=44431\" target=\"_blank\">programa final del XI Congreso<\/a><\/h2>\n\n\n\n<h3 class=\"has-text-align-center wp-block-heading\">El congreso se realiz\u00f3 en la <a rel=\"noreferrer noopener\" href=\"https:\/\/hopin.com\/events\/alacip-2022\/registration\" target=\"_blank\">plataforma Hopin. <\/a><\/h3>\n\n\n\n<h3 class=\"has-text-align-center wp-block-heading\"><a href=\"https:\/\/alacip.org\/?p=44863\" target=\"_blank\" rel=\"noreferrer noopener\">Informe del XI Congreso<\/a><\/h3>\n\n\n\n<h3 class=\"wp-block-heading\">Vean los videos de las <a href=\"https:\/\/www.youtube.com\/playlist?list=PL8RBseFQqLw7CV_xtqO6pne-fpYDcOjNX\" target=\"_blank\" rel=\"noreferrer noopener\">mesas centrales del XI Congreso <\/a>en nuestra p\u00e1gina de Youtube<\/h3>\n\n\n\n<p><a href=\"https:\/\/www.youtube.com\/watch?v=fvsUFvEAyr4&amp;list=PL8RBseFQqLw7CV_xtqO6pne-fpYDcOjNX&amp;index=1&amp;t=6s\" target=\"_blank\" rel=\"noreferrer noopener\">Mesa IPSA &#8211; ALACIP: El populismo en Europa y en Am\u00e9rica Latina. \u00bfAmenaza a lademocracia o genuina representaci\u00f3n de lo popular?<\/a><\/p>\n\n\n\n<p><a href=\"https:\/\/www.youtube.com\/watch?v=4DxIregaIfE&amp;list=PL8RBseFQqLw7CV_xtqO6pne-fpYDcOjNX&amp;index=2\" target=\"_blank\" rel=\"noreferrer noopener\">Vig\u00e9simo Aniversario de ALACIP. Mesa Redonda: \u00abLa ciencia pol\u00edtica latinoamericana en el siglo XXI.<\/a><\/p>\n\n\n\n<p><a href=\"https:\/\/www.youtube.com\/watch?v=LmpwefpCyro&amp;list=PL8RBseFQqLw7CV_xtqO6pne-fpYDcOjNX&amp;index=3\" target=\"_blank\" rel=\"noreferrer noopener\">Entrega de premios ALACIP 2022 &#8211; Premio Guillermo O\u00b4Donnell &#8211; Premio Gl\u00e1ucio Soares<\/a><\/p>\n\n\n\n<p><a href=\"https:\/\/www.youtube.com\/watch?v=fQ_29673hDw&amp;list=PL8RBseFQqLw7CV_xtqO6pne-fpYDcOjNX&amp;index=4\" target=\"_blank\" rel=\"noreferrer noopener\">Presentaci\u00f3n de los resultados de la Convocatoria de Investigaci\u00f3n CLACSO-ALACIP: Los sistemas pol\u00edticos latinoamericanos y caribe\u00f1os ante la nuevaola de movilizaciones y protestas sociales.<\/a><\/p>\n\n\n\n<h3 class=\"has-text-align-center wp-block-heading\"><mark style=\"background-color:rgba(0, 0, 0, 0);color:#6c6f70\" class=\"has-inline-color\">M\u00e1s informaci\u00f3n en la p\u00e1gina web del XI Congreso<\/mark><\/h3>\n\n\n\n<h1 class=\"has-text-align-center wp-block-heading\"><a href=\"https:\/\/alacip2022.org\/\" target=\"_blank\" rel=\"noreferrer noopener\">alacip2022.org<\/a><\/h1>\n\n\n\n<p><\/p>\n","protected":false},"excerpt":{"rendered":"<p>XI Congreso Latinoamericano de Ciencia Pol\u00edtica Desde Am\u00e9rica Latina Hacia el Mundo: Transformaciones Pol\u00edticas Post-pandemia La Asociaci\u00f3n Latinoamericana de Ciencia Pol\u00edtica (ALACIP), en coordinaci\u00f3n con la Asociaci\u00f3n Chilena de Ciencia Pol\u00edtica A.G. (ACCP), organizaron el XI Congreso Internacional de Ciencia Pol\u00edtica, durante los d\u00edas 21, 22 y 23 de julio de 2022 realizado de forma [&hellip;]<\/p>\n","protected":false},"author":88890,"featured_media":44237,"comment_status":"open","ping_status":"closed","sticky":false,"template":"","format":"standard","meta":{"_genesis_hide_title":false,"_genesis_hide_breadcrumbs":false,"_genesis_hide_singular_image":false,"_genesis_hide_footer_widgets":false,"_genesis_custom_body_class":"","_genesis_custom_post_class":"","_genesis_layout":"","footnotes":""},"categories":[4,50,52,7],"tags":[],"class_list":{"0":"post-29707","1":"post","2":"type-post","3":"status-publish","4":"format-standard","5":"has-post-thumbnail","7":"category-menu-congressos","8":"category-destaque_m","9":"category-informativo","10":"category-menu-noticias","11":"entry"},"_links":{"self":[{"href":"https:\/\/alacip.org\/index.php?rest_route=\/wp\/v2\/posts\/29707","targetHints":{"allow":["GET"]}}],"collection":[{"href":"https:\/\/alacip.org\/index.php?rest_route=\/wp\/v2\/posts"}],"about":[{"href":"https:\/\/alacip.org\/index.php?rest_route=\/wp\/v2\/types\/post"}],"author":[{"embeddable":true,"href":"https:\/\/alacip.org\/index.php?rest_route=\/wp\/v2\/users\/88890"}],"replies":[{"embeddable":true,"href":"https:\/\/alacip.org\/index.php?rest_route=%2Fwp%2Fv2%2Fcomments&post=29707"}],"version-history":[{"count":23,"href":"https:\/\/alacip.org\/index.php?rest_route=\/wp\/v2\/posts\/29707\/revisions"}],"predecessor-version":[{"id":44866,"href":"https:\/\/alacip.org\/index.php?rest_route=\/wp\/v2\/posts\/29707\/revisions\/44866"}],"wp:featuredmedia":[{"embeddable":true,"href":"https:\/\/alacip.org\/index.php?rest_route=\/wp\/v2\/media\/44237"}],"wp:attachment":[{"href":"https:\/\/alacip.org\/index.php?rest_route=%2Fwp%2Fv2%2Fmedia&parent=29707"}],"wp:term":[{"taxonomy":"category","embeddable":true,"href":"https:\/\/alacip.org\/index.php?rest_route=%2Fwp%2Fv2%2Fcategories&post=29707"},{"taxonomy":"post_tag","embeddable":true,"href":"https:\/\/alacip.org\/index.php?rest_route=%2Fwp%2Fv2%2Ftags&post=29707"}],"curies":[{"name":"wp","href":"https:\/\/api.w.org\/{rel}","templated":true}]}}