{"id":40402,"date":"2021-05-03T23:45:37","date_gmt":"2021-05-04T02:45:37","guid":{"rendered":"https:\/\/alacip.org\/?p=40402"},"modified":"2021-05-03T23:45:38","modified_gmt":"2021-05-04T02:45:38","slug":"chamada-de-artigos-para-o-dossie-policiamento-de-manifestacoes-revista-mediacoes-universidade-estadual-de-londrina-brasil","status":"publish","type":"post","link":"https:\/\/alacip.org\/?p=40402","title":{"rendered":"Chamada de artigos para o Dossi\u00ea \u00abPoliciamento de manifesta\u00e7\u00f5es\u00bb &#8211; Revista Media\u00e7\u00f5es (Universidade Estadual de Londrina; Brasil)"},"content":{"rendered":"\n<div class=\"wp-block-image\"><figure class=\"aligncenter size-large is-resized\"><img loading=\"lazy\" decoding=\"async\" src=\"https:\/\/alacip.org\/wp-content\/uploads\/2021\/05\/UEL-Mediacoes-Logo.jpg\" alt=\"\" class=\"wp-image-40403\" width=\"526\" height=\"345\" srcset=\"https:\/\/alacip.org\/wp-content\/uploads\/2021\/05\/UEL-Mediacoes-Logo.jpg 481w, https:\/\/alacip.org\/wp-content\/uploads\/2021\/05\/UEL-Mediacoes-Logo-300x196.jpg 300w\" sizes=\"auto, (max-width: 526px) 100vw, 526px\" \/><\/figure><\/div>\n\n\n\n<p class=\"has-text-align-center\"><strong>Dossi\u00ea: Policiamento de manifesta\u00e7\u00f5es (Media\u00e7\u00f5es, vol. 26, n. 3 &#8211; 2021\/3) &#8211;\u00a0Prazo para Submiss\u00f5es:\u00a015 de julho de 2021<\/strong><\/p>\n\n\n\n<p class=\"has-text-align-center\"><strong>Organizadores: Bruno Konder Comparato (<\/strong><strong>UNIFESP<\/strong><strong>) e John Topping (Queen&#8217;s University Belfast &#8211; Northern Ireland)<\/strong><\/p>\n\n\n\n<p>Nas modernas sociedades democr\u00e1ticas o policiamento das manifesta\u00e7\u00f5es \u00e9 uma das tarefas das mais delicadas e que revela muito sobre a qualidade da democracia. O objetivo deste dossi\u00ea \u00e9 reunir artigos que proponham uma reflex\u00e3o sobre o assunto seja a partir do ponto de vista do poder p\u00fablico e das for\u00e7as policiais e das suas estrat\u00e9gias para acompanhar, conter ou reprimir uma manifesta\u00e7\u00e3o; seja a partir ponto de vista dos movimentos sociais e coletivos de manifestantes; seja a partir do trabalho de advogados ativistas que procuram fazer a intermedia\u00e7\u00e3o entre estes dois grupos. Entendemos que o momento \u00e9 oportuno para an\u00e1lises sobre o policiamento dos protestos p\u00fablicos em rela\u00e7\u00e3o com a pandemia, o agravamento das condi\u00e7\u00f5es econ\u00f4micas e o movimento Black Lives Matter nos EUA e no Reino Unido. An\u00e1lises comparativas baseadas em experi\u00eancias significativas em diferentes pa\u00edses s\u00e3o igualmente bem-vindas.<\/p>\n\n\n\n<p>A chamada de artigos para o dossi\u00ea estar\u00e1 aberta at\u00e9 o dia&nbsp;<strong>15 de julho de 2021<\/strong>&nbsp;e ser\u00e3o aceitos textos originais em portugu\u00eas, espanhol e ingl\u00eas. As contribui\u00e7\u00f5es devem ser submetidas atrav\u00e9s do sistema online da revista.<\/p>\n\n\n\n<p><a href=\"https:\/\/www.uel.br\/revistas\/uel\/index.php\/mediacoes\/about\/submissions#onlineSubmissions\" target=\"_blank\" rel=\"noreferrer noopener\">https:\/\/www.uel.br\/revistas\/uel\/index.php\/mediacoes\/about\/submissions#onlineSubmissions<\/a><\/p>\n\n\n\n<p>Para uma vis\u00e3o mais detalhada da proposta e dos objetivos deste dossi\u00ea, acesse:<\/p>\n\n\n\n<p><a href=\"https:\/\/www.uel.br\/revistas\/uel\/index.php\/mediacoes\/announcement\/view\/306\" target=\"_blank\" rel=\"noreferrer noopener\">https:\/\/www.uel.br\/revistas\/uel\/index.php\/mediacoes\/announcement\/view\/306&nbsp;<\/a><\/p>\n","protected":false},"excerpt":{"rendered":"<p>Dossi\u00ea: Policiamento de manifesta\u00e7\u00f5es (Media\u00e7\u00f5es, vol. 26, n. 3 &#8211; 2021\/3) &#8211;\u00a0Prazo para Submiss\u00f5es:\u00a015 de julho de 2021 Organizadores: Bruno Konder Comparato (UNIFESP) e John Topping (Queen&#8217;s University Belfast &#8211; Northern Ireland) Nas modernas sociedades democr\u00e1ticas o policiamento das manifesta\u00e7\u00f5es \u00e9 uma das tarefas das mais delicadas e que revela muito sobre a qualidade da [&hellip;]<\/p>\n","protected":false},"author":88893,"featured_media":0,"comment_status":"open","ping_status":"closed","sticky":false,"template":"","format":"standard","meta":{"_genesis_hide_title":false,"_genesis_hide_breadcrumbs":false,"_genesis_hide_singular_image":false,"_genesis_hide_footer_widgets":false,"_genesis_custom_body_class":"","_genesis_custom_post_class":"","_genesis_layout":"","footnotes":""},"categories":[821,7],"tags":[],"class_list":{"0":"post-40402","1":"post","2":"type-post","3":"status-publish","4":"format-standard","6":"category-convocatorias-articulos","7":"category-menu-noticias","8":"entry","9":"has-post-thumbnail"},"_links":{"self":[{"href":"https:\/\/alacip.org\/index.php?rest_route=\/wp\/v2\/posts\/40402","targetHints":{"allow":["GET"]}}],"collection":[{"href":"https:\/\/alacip.org\/index.php?rest_route=\/wp\/v2\/posts"}],"about":[{"href":"https:\/\/alacip.org\/index.php?rest_route=\/wp\/v2\/types\/post"}],"author":[{"embeddable":true,"href":"https:\/\/alacip.org\/index.php?rest_route=\/wp\/v2\/users\/88893"}],"replies":[{"embeddable":true,"href":"https:\/\/alacip.org\/index.php?rest_route=%2Fwp%2Fv2%2Fcomments&post=40402"}],"version-history":[{"count":1,"href":"https:\/\/alacip.org\/index.php?rest_route=\/wp\/v2\/posts\/40402\/revisions"}],"predecessor-version":[{"id":40404,"href":"https:\/\/alacip.org\/index.php?rest_route=\/wp\/v2\/posts\/40402\/revisions\/40404"}],"wp:attachment":[{"href":"https:\/\/alacip.org\/index.php?rest_route=%2Fwp%2Fv2%2Fmedia&parent=40402"}],"wp:term":[{"taxonomy":"category","embeddable":true,"href":"https:\/\/alacip.org\/index.php?rest_route=%2Fwp%2Fv2%2Fcategories&post=40402"},{"taxonomy":"post_tag","embeddable":true,"href":"https:\/\/alacip.org\/index.php?rest_route=%2Fwp%2Fv2%2Ftags&post=40402"}],"curies":[{"name":"wp","href":"https:\/\/api.w.org\/{rel}","templated":true}]}}