{"id":40583,"date":"2021-05-21T09:42:47","date_gmt":"2021-05-21T12:42:47","guid":{"rendered":"https:\/\/alacip.org\/?p=40583"},"modified":"2021-07-14T18:01:51","modified_gmt":"2021-07-14T21:01:51","slug":"cafe-virtual-alacip-organizado-por-el-dalc-la-situacion-democratica-en-america-latina-en-perspectiva-comparada-27-de-mayo","status":"publish","type":"post","link":"https:\/\/alacip.org\/?p=40583","title":{"rendered":"Caf\u00e9 Virtual ALACIP organizado por el DALC \u00abLa situaci\u00f3n democr\u00e1tica en Am\u00e9rica Latina en perspectiva comparada\u00bb 27 de mayo"},"content":{"rendered":"\n<figure class=\"wp-block-image size-large\"><img loading=\"lazy\" decoding=\"async\" width=\"942\" height=\"786\" src=\"https:\/\/alacip.org\/wp-content\/uploads\/2021\/05\/Cafe-Virtual-Mayo-2021-DALC.jpeg\" alt=\"\" class=\"wp-image-40584\" srcset=\"https:\/\/alacip.org\/wp-content\/uploads\/2021\/05\/Cafe-Virtual-Mayo-2021-DALC.jpeg 942w, https:\/\/alacip.org\/wp-content\/uploads\/2021\/05\/Cafe-Virtual-Mayo-2021-DALC-300x250.jpeg 300w, https:\/\/alacip.org\/wp-content\/uploads\/2021\/05\/Cafe-Virtual-Mayo-2021-DALC-768x641.jpeg 768w\" sizes=\"auto, (max-width: 942px) 100vw, 942px\" \/><\/figure>\n\n\n\n<p>Presentamos la quinta edici\u00f3n del <strong>Caf\u00e9 Virtual de la Asociaci\u00f3n Latinoamericana de Ciencia Pol\u00edtica<\/strong> (ALACIP), en esta oportunidad, organizado por el <strong>Grupo de Investigaci\u00f3n Democratizaci\u00f3n en Am\u00e9rica Latina en Perspectiva Comparada<\/strong> <strong>(DALC)<\/strong>. Invitamos los profesores<strong> Jo\u00e3o Botelho<\/strong>, de la Universidad Federal de Goi\u00e1s (UFG-BRA), <strong>Marcelo Arequipa,<\/strong> de la Universidad Cat\u00f3lica Boliviana (UCB-BOL), <strong>Renata Peixoto<\/strong>, de la Universidad Federal de la Integraci\u00f3n Latinoamericana (UNILA), y <strong>Clayton Cunha<\/strong>, de la Universidad Federal do Cear\u00e1 (UFC-BRA) para conversar sobre <em><strong>La situaci\u00f3n democr\u00e1tica en Am\u00e9rica Latina en Perspectiva Comparada<\/strong><\/em>. La moderadora ser\u00e1 <strong>Liliana Roc\u00edo Duarte<\/strong>, coordinadora del DALC de la Universidad Cat\u00f3lica (UC-PAR). El evento tendr\u00e1 lugar el jueves 27 de mayo a las 12hs La Paz y Asunci\u00f3n, 13hs. Brasilia por nuestro canal de Youtube.<\/p>\n\n\n\n<div class=\"wp-block-image\"><figure class=\"aligncenter size-large is-resized\"><a href=\"https:\/\/www.youtube.com\/watch?v=P4c5I3SEO5o\"><img decoding=\"async\" src=\"https:\/\/alacip.org\/wp-content\/uploads\/2021\/05\/download-2-3-edited.png\" alt=\"\" class=\"wp-image-40589\" width=\"240\"\/><\/a><figcaption><a rel=\"noreferrer noopener\" href=\"https:\/\/www.youtube.com\/watch?v=P4c5I3SEO5o\" target=\"_blank\">Caf\u00e9 Virtual DALC &#8211; La situaci\u00f3n democr\u00e1tica en Am\u00e9rica Latina en Perspectiva Comparada<\/a><\/figcaption><\/figure><\/div>\n\n\n\n<p><\/p>\n\n\n\n<h5 class=\"wp-block-heading\"><\/h5>\n","protected":false},"excerpt":{"rendered":"<p>Presentamos la quinta edici\u00f3n del Caf\u00e9 Virtual de la Asociaci\u00f3n Latinoamericana de Ciencia Pol\u00edtica (ALACIP), en esta oportunidad, organizado por el Grupo de Investigaci\u00f3n Democratizaci\u00f3n en Am\u00e9rica Latina en Perspectiva Comparada (DALC). Invitamos los profesores Jo\u00e3o Botelho, de la Universidad Federal de Goi\u00e1s (UFG-BRA), Marcelo Arequipa, de la Universidad Cat\u00f3lica Boliviana (UCB-BOL), Renata Peixoto, de [&hellip;]<\/p>\n","protected":false},"author":88890,"featured_media":40584,"comment_status":"open","ping_status":"closed","sticky":false,"template":"","format":"standard","meta":{"_genesis_hide_title":false,"_genesis_hide_breadcrumbs":false,"_genesis_hide_singular_image":false,"_genesis_hide_footer_widgets":false,"_genesis_custom_body_class":"","_genesis_custom_post_class":"","_genesis_layout":"","footnotes":""},"categories":[822,27,50,52],"tags":[],"class_list":{"0":"post-40583","1":"post","2":"type-post","3":"status-publish","4":"format-standard","5":"has-post-thumbnail","7":"category-cafe-virtual","8":"category-democratizacao-na-al","9":"category-destaque_m","10":"category-informativo","11":"entry"},"_links":{"self":[{"href":"https:\/\/alacip.org\/index.php?rest_route=\/wp\/v2\/posts\/40583","targetHints":{"allow":["GET"]}}],"collection":[{"href":"https:\/\/alacip.org\/index.php?rest_route=\/wp\/v2\/posts"}],"about":[{"href":"https:\/\/alacip.org\/index.php?rest_route=\/wp\/v2\/types\/post"}],"author":[{"embeddable":true,"href":"https:\/\/alacip.org\/index.php?rest_route=\/wp\/v2\/users\/88890"}],"replies":[{"embeddable":true,"href":"https:\/\/alacip.org\/index.php?rest_route=%2Fwp%2Fv2%2Fcomments&post=40583"}],"version-history":[{"count":4,"href":"https:\/\/alacip.org\/index.php?rest_route=\/wp\/v2\/posts\/40583\/revisions"}],"predecessor-version":[{"id":40590,"href":"https:\/\/alacip.org\/index.php?rest_route=\/wp\/v2\/posts\/40583\/revisions\/40590"}],"wp:featuredmedia":[{"embeddable":true,"href":"https:\/\/alacip.org\/index.php?rest_route=\/wp\/v2\/media\/40584"}],"wp:attachment":[{"href":"https:\/\/alacip.org\/index.php?rest_route=%2Fwp%2Fv2%2Fmedia&parent=40583"}],"wp:term":[{"taxonomy":"category","embeddable":true,"href":"https:\/\/alacip.org\/index.php?rest_route=%2Fwp%2Fv2%2Fcategories&post=40583"},{"taxonomy":"post_tag","embeddable":true,"href":"https:\/\/alacip.org\/index.php?rest_route=%2Fwp%2Fv2%2Ftags&post=40583"}],"curies":[{"name":"wp","href":"https:\/\/api.w.org\/{rel}","templated":true}]}}