{"id":41208,"date":"2021-07-07T20:30:45","date_gmt":"2021-07-07T23:30:45","guid":{"rendered":"https:\/\/alacip.org\/?p=41208"},"modified":"2021-09-13T14:15:36","modified_gmt":"2021-09-13T17:15:36","slug":"convocatoria-de-artigos-convocatoria-de-articulos-poder-na-america-latina-uma-homenagem-ao-professor-glaucio-soares-revista-debates-da-universidade-federal-do-rio-grande-do-sul-ufrgs-brasil","status":"publish","type":"post","link":"https:\/\/alacip.org\/?p=41208","title":{"rendered":"Convocat\u00f3ria de artigos \/ Convocatoria de art\u00edculos para el dossier: \u00abPoder na Am\u00e9rica Latina: uma homenagem ao professor Gl\u00e1ucio Soares\u00bb &#8211; Revista Debates da Universidade Federal do Rio Grande do Sul (UFRGS; Brasil)"},"content":{"rendered":"\n<figure class=\"wp-block-image size-large\"><img loading=\"lazy\" decoding=\"async\" width=\"1024\" height=\"1024\" src=\"https:\/\/alacip.org\/wp-content\/uploads\/2021\/07\/DEBATES-1-1024x1024.jpg\" alt=\"\" class=\"wp-image-41209\" srcset=\"https:\/\/alacip.org\/wp-content\/uploads\/2021\/07\/DEBATES-1-1024x1024.jpg 1024w, https:\/\/alacip.org\/wp-content\/uploads\/2021\/07\/DEBATES-1-300x300.jpg 300w, https:\/\/alacip.org\/wp-content\/uploads\/2021\/07\/DEBATES-1-150x150.jpg 150w, https:\/\/alacip.org\/wp-content\/uploads\/2021\/07\/DEBATES-1-768x768.jpg 768w, https:\/\/alacip.org\/wp-content\/uploads\/2021\/07\/DEBATES-1-600x600.jpg 600w, https:\/\/alacip.org\/wp-content\/uploads\/2021\/07\/DEBATES-1.jpg 1200w\" sizes=\"auto, (max-width: 1024px) 100vw, 1024px\" \/><\/figure>\n\n\n\n<figure class=\"wp-block-image size-large\"><img loading=\"lazy\" decoding=\"async\" width=\"1024\" height=\"1024\" src=\"https:\/\/alacip.org\/wp-content\/uploads\/2021\/07\/DEBATES-3-1024x1024.jpg\" alt=\"\" class=\"wp-image-41210\" srcset=\"https:\/\/alacip.org\/wp-content\/uploads\/2021\/07\/DEBATES-3-1024x1024.jpg 1024w, https:\/\/alacip.org\/wp-content\/uploads\/2021\/07\/DEBATES-3-300x300.jpg 300w, https:\/\/alacip.org\/wp-content\/uploads\/2021\/07\/DEBATES-3-150x150.jpg 150w, https:\/\/alacip.org\/wp-content\/uploads\/2021\/07\/DEBATES-3-768x768.jpg 768w, https:\/\/alacip.org\/wp-content\/uploads\/2021\/07\/DEBATES-3-600x600.jpg 600w, https:\/\/alacip.org\/wp-content\/uploads\/2021\/07\/DEBATES-3.jpg 1200w\" sizes=\"auto, (max-width: 1024px) 100vw, 1024px\" \/><\/figure>\n\n\n\n<p class=\"has-text-align-center\"><strong>CHAMADA PARA ARTIGOS<\/strong><\/p>\n\n\n\n<p>A&nbsp;<strong>Revista Debates<\/strong>, v. 16, n. 1, que ser\u00e1 publicada em abril de 2022, est\u00e1 aceitando trabalhos para o \u201c<strong><em>Dossi\u00ea Poder na Am\u00e9rica Latina: uma homenagem ao professor Gl\u00e1ucio Soares<\/em><\/strong>\u201d at\u00e9 o dia 15 de dezembro de 2021.<\/p>\n\n\n\n<p>Considerando as atuais reconfigura\u00e7\u00f5es de for\u00e7as pol\u00edticas na Am\u00e9rica, em contexto de aprofundamento da crise da representa\u00e7\u00e3o e uso cada vez mais potente das novas m\u00eddias sociais e de recursos de desinforma\u00e7\u00e3o pol\u00edtica, \u00e9 fundamental aprofundar as an\u00e1lises sobre as elei\u00e7\u00f5es na Am\u00e9rica Latina, lan\u00e7ando diversos olhares sobre o comportamento pol\u00edtico e a opini\u00e3o p\u00fablica nos contextos locais e nacionais na regi\u00e3o na \u00faltima d\u00e9cada (2010 \u2013 2020) e qualificando as teorias que embasam a an\u00e1lise eleitoral latino-americana.<\/p>\n\n\n\n<p>A presente proposta de dossi\u00ea tem\u00e1tico para a Revista Debates busca agregar colaboradores de diversos pa\u00edses da Am\u00e9rica Latina, em profundo di\u00e1logo com duas grandes institui\u00e7\u00f5es que congregam pesquisadores da \u00e1rea: a <strong>Associaci\u00f3n Latinoamericana de Ciencia Pol\u00edtica \u2013 ALACIP<\/strong>, e a <strong>Associaci\u00f3n Latinoamericana de Investigadores en Campa\u00f1as Electorales \u2013 ALICE<\/strong>.<\/p>\n\n\n\n<p>A proposta de dossi\u00ea contemplar\u00e1 uma chamada p\u00fablica de artigos, com avalia\u00e7\u00e3o \u00e0s cegas por pares, considerando especialistas na \u00e1rea de comunica\u00e7\u00e3o pol\u00edtica e opini\u00e3o p\u00fablica, bem como demais pesquisadoras\/es do campo de elei\u00e7\u00f5es.<\/p>\n\n\n\n<p>Os textos podem ser apresentados em&nbsp;<strong>ingl\u00eas, espanhol&nbsp;<\/strong>ou<strong>&nbsp;portugu\u00eas.<\/strong><\/p>\n\n\n\n<p>O Dossi\u00ea \u00e9 de responsabilidade do <a href=\"https:\/\/alacip.org\/?p=2754\" data-type=\"URL\" data-id=\"https:\/\/alacip.org\/?p=2754\">Grupo LATICOM\/ALACIP<\/a> &#8211; Grupo de Investiga\u00e7\u00e3o comportamento eleitoral e comunuca\u00e7\u00e3o pol\u00edtica, com o<strong>rganiza\u00e7\u00e3o de<\/strong>:<\/p>\n\n\n\n<p>Helcimara de Souza Telles (Universidade Federal de Minas Gerais)<\/p>\n\n\n\n<p>Let\u00edcia Maria Ruiz Rodrigues (Universidad Complutense de Madrid)<\/p>\n\n\n\n<p>Joscimar Souza Silva (Universidade Federal de Minas Gerais)<\/p>\n\n\n\n<p><strong>Regras de submiss\u00e3o em:&nbsp;<\/strong><a href=\"https:\/\/seer.ufrgs.br\/debates\/about\/submissions#onlineSubmissions\" target=\"_blank\" rel=\"noreferrer noopener\">https:\/\/seer.ufrgs.br\/debates\/about\/submissions#onlineSubmissions<\/a><\/p>\n\n\n\n<p><strong>Mais informa\u00e7\u00f5es em<\/strong>:&nbsp;<a rel=\"noreferrer noopener\" href=\"https:\/\/seer.ufrgs.br\/debates\/about\" target=\"_blank\">https:\/\/seer.ufrgs.br\/debates\/about<\/a><\/p>\n\n\n\n<hr class=\"wp-block-separator\"\/>\n\n\n\n<p>A <strong>Revista DEBATES<\/strong>, editada pelo <strong>N\u00facleo de Pesquisa Sobre a Am\u00e9rica Latina<\/strong> (<strong>NUPESAL<\/strong>) em parceria com o Programa de P\u00f3s-Gradua\u00e7\u00e3o em Ci\u00eancia Pol\u00edtica da <strong>Universidade Federal do Rio Grande do Sul (UFRGS)<\/strong>, tem como objetivo central constituir um espa\u00e7o de debate e confronto sobre quest\u00f5es contempor\u00e2neas no \u00e2mbito das Ci\u00eancias Humanas \/ Ci\u00eancia Pol\u00edtica, abordadas sob uma multiplicidade de perspectivas.<\/p>\n\n\n\n<p>Nesse sentido, as bases sobre as quais a revista se assenta s\u00e3o a pluralidade de express\u00e3o e o reconhecimento da multidisciplinaridade te\u00f3rica e metodol\u00f3gica. A revista acolhe contribui\u00e7\u00f5es das mais variadas disciplinas, privilegiando as que apresentem rela\u00e7\u00e3o com a Ci\u00eancia Pol\u00edtica, observados os requisitos do trabalho cient\u00edfico, que se constituam em contribui\u00e7\u00f5es significativas para uma compreens\u00e3o aprofundada e alternativa \u00e0s tem\u00e1ticas focalizadas.<br>A iniciativa da publica\u00e7\u00e3o tem por base a constata\u00e7\u00e3o da aus\u00eancia de publica\u00e7\u00f5es nesta dire\u00e7\u00e3o, e na demanda crescente de autores que buscam espa\u00e7o para reflex\u00f5es alternativas. <\/p>\n\n\n\n<p>Neste sentido, a revista se estrutura tanto em n\u00fameros tem\u00e1ticos quanto multitem\u00e1ticos livres. S\u00e3o aceitos artigos, notas de pesquisa, ensaios e resenhas nos idiomas portugu\u00eas, ingl\u00eas e espanhol, podendo os artigos aceitos para publica\u00e7\u00e3o serem traduzidos para o portugu\u00eas.<\/p>\n\n\n\n<div data-wp-interactive=\"core\/file\" class=\"wp-block-file\"><object data-wp-bind--hidden=\"!state.hasPdfPreview\" hidden class=\"wp-block-file__embed\" data=\"https:\/\/alacip.org\/wp-content\/uploads\/2021\/08\/Convocatoria_Dossie_homenagem_Glaucio_chamada_v16_n1_2022_v3.pdf\" type=\"application\/pdf\" style=\"width:100%;height:600px\" aria-label=\"Incrustado de Incrustado de Convocatoria_Dossie_homenagem_Glaucio_chamada_v16_n1_2022_v3..\"><\/object><a href=\"https:\/\/alacip.org\/wp-content\/uploads\/2021\/08\/Convocatoria_Dossie_homenagem_Glaucio_chamada_v16_n1_2022_v3.pdf\">Convocatoria_Dossie_homenagem_Glaucio_chamada_v16_n1_2022_v3<\/a><a href=\"https:\/\/alacip.org\/wp-content\/uploads\/2021\/08\/Convocatoria_Dossie_homenagem_Glaucio_chamada_v16_n1_2022_v3.pdf\" class=\"wp-block-file__button\" download>Descarga<\/a><\/div>\n","protected":false},"excerpt":{"rendered":"<p>CHAMADA PARA ARTIGOS A&nbsp;Revista Debates, v. 16, n. 1, que ser\u00e1 publicada em abril de 2022, est\u00e1 aceitando trabalhos para o \u201cDossi\u00ea Poder na Am\u00e9rica Latina: uma homenagem ao professor Gl\u00e1ucio Soares\u201d at\u00e9 o dia 15 de dezembro de 2021. Considerando as atuais reconfigura\u00e7\u00f5es de for\u00e7as pol\u00edticas na Am\u00e9rica, em contexto de aprofundamento da crise [&hellip;]<\/p>\n","protected":false},"author":88893,"featured_media":41210,"comment_status":"open","ping_status":"closed","sticky":false,"template":"","format":"standard","meta":{"_genesis_hide_title":false,"_genesis_hide_breadcrumbs":false,"_genesis_hide_singular_image":false,"_genesis_hide_footer_widgets":false,"_genesis_custom_body_class":"","_genesis_custom_post_class":"","_genesis_layout":"","footnotes":""},"categories":[34,821,7,68],"tags":[],"class_list":{"0":"post-41208","1":"post","2":"type-post","3":"status-publish","4":"format-standard","5":"has-post-thumbnail","7":"category-comunicacion-politica-y-comportamiento-electoral","8":"category-convocatorias-articulos","9":"category-menu-noticias","10":"category-noticias-de-los-grupos-de-investigacion-2","11":"entry"},"_links":{"self":[{"href":"https:\/\/alacip.org\/index.php?rest_route=\/wp\/v2\/posts\/41208","targetHints":{"allow":["GET"]}}],"collection":[{"href":"https:\/\/alacip.org\/index.php?rest_route=\/wp\/v2\/posts"}],"about":[{"href":"https:\/\/alacip.org\/index.php?rest_route=\/wp\/v2\/types\/post"}],"author":[{"embeddable":true,"href":"https:\/\/alacip.org\/index.php?rest_route=\/wp\/v2\/users\/88893"}],"replies":[{"embeddable":true,"href":"https:\/\/alacip.org\/index.php?rest_route=%2Fwp%2Fv2%2Fcomments&post=41208"}],"version-history":[{"count":4,"href":"https:\/\/alacip.org\/index.php?rest_route=\/wp\/v2\/posts\/41208\/revisions"}],"predecessor-version":[{"id":41885,"href":"https:\/\/alacip.org\/index.php?rest_route=\/wp\/v2\/posts\/41208\/revisions\/41885"}],"wp:featuredmedia":[{"embeddable":true,"href":"https:\/\/alacip.org\/index.php?rest_route=\/wp\/v2\/media\/41210"}],"wp:attachment":[{"href":"https:\/\/alacip.org\/index.php?rest_route=%2Fwp%2Fv2%2Fmedia&parent=41208"}],"wp:term":[{"taxonomy":"category","embeddable":true,"href":"https:\/\/alacip.org\/index.php?rest_route=%2Fwp%2Fv2%2Fcategories&post=41208"},{"taxonomy":"post_tag","embeddable":true,"href":"https:\/\/alacip.org\/index.php?rest_route=%2Fwp%2Fv2%2Ftags&post=41208"}],"curies":[{"name":"wp","href":"https:\/\/api.w.org\/{rel}","templated":true}]}}