{"id":42766,"date":"2022-01-05T16:17:16","date_gmt":"2022-01-05T19:17:16","guid":{"rendered":"https:\/\/alacip.org\/?p=42766"},"modified":"2022-01-05T16:17:17","modified_gmt":"2022-01-05T19:17:17","slug":"difusion-del-curso-repensar-los-feminismos-nudos-y-desafios-contemporaneos-instituto-de-desarrollo-economico-y-social-ides-argentina","status":"publish","type":"post","link":"https:\/\/alacip.org\/?p=42766","title":{"rendered":"Difusi\u00f3n del curso \u00abRepensar los feminismos. Nudos y desaf\u00edos contempor\u00e1neos\u00bb &#8211; Instituto de Desarrollo Econ\u00f3mico y Social (IDES; Argentina)"},"content":{"rendered":"\n<div class=\"wp-block-image\"><figure class=\"aligncenter size-full\"><img loading=\"lazy\" decoding=\"async\" width=\"600\" height=\"335\" src=\"https:\/\/alacip.org\/wp-content\/uploads\/2022\/01\/IDES-Argentina-1.jpg\" alt=\"\" class=\"wp-image-42767\" srcset=\"https:\/\/alacip.org\/wp-content\/uploads\/2022\/01\/IDES-Argentina-1.jpg 600w, https:\/\/alacip.org\/wp-content\/uploads\/2022\/01\/IDES-Argentina-1-300x168.jpg 300w, https:\/\/alacip.org\/wp-content\/uploads\/2022\/01\/IDES-Argentina-1-358x200.jpg 358w\" sizes=\"auto, (max-width: 600px) 100vw, 600px\" \/><\/figure><\/div>\n\n\n\n<figure class=\"wp-block-table\"><table><tbody><tr><td class=\"has-text-align-center\" data-align=\"center\"><a rel=\"noreferrer noopener\" href=\"https:\/\/mautic.ides.org.ar\/r\/d095e7a2e6a2f626f66056503?ct=YTo1OntzOjY6InNvdXJjZSI7YToyOntpOjA7czo1OiJlbWFpbCI7aToxO2k6ODM7fXM6NToiZW1haWwiO2k6ODM7czo0OiJzdGF0IjtzOjIyOiI2MWQ1YWE2Y2U2MWRjNjc1MTg0NDczIjtzOjQ6ImxlYWQiO3M6NToiMTAzMDMiO3M6NzoiY2hhbm5lbCI7YToxOntzOjU6ImVtYWlsIjtpOjgzO319&amp;utm_source=cursos+virtuales\" target=\"_blank\"><strong>Repensar los feminismos. Nudos y desaf\u00edos contempor\u00e1neos<\/strong><\/a><br><br><strong>Inicio 12\/04\/2022<\/strong><br><br>Este curso de\u00a0<strong>nivel de posgrado<\/strong>\u00a0propone un recorrido reflexivo por los nudos y dilemas que atraviesan en la actualidad a los feminismos y las perspectivas de g\u00e9nero. Durante el transcurso del siglo XXI, hubo una efervescencia considerable en el campo de lo que se puede llamar \u201cfeminismo(s)\u201d, \u201cperspectiva de g\u00e9nero(s)\u201d, \u201cestudios de la(s) mujer(es)\u201d, \u201cestudios queer\u201d, \u201cidentidades sexuales\u201d, etc. Estas denominaciones aluden a un campo con l\u00edmites difusos y esferas superpuestas, que combinan posturas te\u00f3ricas, identidades personales y pr\u00e1cticas sociales colectivas.<br><br>El seminario propone analizar algunas de estas cuestiones, y toma como punto de partida la idea de nudo propuesta por Julieta Kirkwood, idea que ubica al pensamiento feminista en el tenso entrelazamiento entre los saberes y las pr\u00e1cticas, entre la teor\u00eda y el compromiso..<br><br><strong>MODALIDAD<\/strong>: 100% online asincr\u00f3nico. Los materiales quedan a disposici\u00f3n en el aula y NO es preciso que los\/as alumnos\/as est\u00e9n conectados\/as en horarios particulares.<br><br><a rel=\"noreferrer noopener\" href=\"https:\/\/mautic.ides.org.ar\/r\/d095e7a2e6a2f626f66056503?ct=YTo1OntzOjY6InNvdXJjZSI7YToyOntpOjA7czo1OiJlbWFpbCI7aToxO2k6ODM7fXM6NToiZW1haWwiO2k6ODM7czo0OiJzdGF0IjtzOjIyOiI2MWQ1YWE2Y2U2MWRjNjc1MTg0NDczIjtzOjQ6ImxlYWQiO3M6NToiMTAzMDMiO3M6NzoiY2hhbm5lbCI7YToxOntzOjU6ImVtYWlsIjtpOjgzO319&amp;utm_source=cursos+virtuales\" target=\"_blank\">M\u00c1S INFO\/INSCRIPCI\u00d3N<\/a>\u00a0<br><br>\u00a0<img decoding=\"async\" alt=\"&#x1f4bb;\" src=\"https:\/\/fonts.gstatic.com\/s\/e\/notoemoji\/14.0\/1f4bb\/32.png\">\u00a0<a rel=\"noreferrer noopener\" href=\"https:\/\/mautic.ides.org.ar\/r\/eef87f219e1f888ba7a97f7a0?ct=YTo1OntzOjY6InNvdXJjZSI7YToyOntpOjA7czo1OiJlbWFpbCI7aToxO2k6ODM7fXM6NToiZW1haWwiO2k6ODM7czo0OiJzdGF0IjtzOjIyOiI2MWQ1YWE2Y2U2MWRjNjc1MTg0NDczIjtzOjQ6ImxlYWQiO3M6NToiMTAzMDMiO3M6NzoiY2hhbm5lbCI7YToxOntzOjU6ImVtYWlsIjtpOjgzO319&amp;utm_source=cursos+virtuales\" target=\"_blank\"><strong>Ver video a la presentaci\u00f3n del curso<\/strong><\/a><img decoding=\"async\" alt=\"&#x1f446;\" src=\"https:\/\/fonts.gstatic.com\/s\/e\/notoemoji\/14.0\/1f446\/32.png\"><br>\u00a0<img decoding=\"async\" alt=\"&#x1f4e7;\" src=\"https:\/\/fonts.gstatic.com\/s\/e\/notoemoji\/14.0\/1f4e7\/32.png\">\u00a0<strong>Consultas:<\/strong>\u00a0<a rel=\"noreferrer noopener\" href=\"mailto:cursosvirtuales@ides.org.ar\" target=\"_blank\">cursosvirtuales@ides.org.ar<\/a>\u00a0 \u00a0\u00a0<\/td><\/tr><\/tbody><\/table><\/figure>\n\n\n\n<figure class=\"wp-block-table\"><table><tbody><tr><td class=\"has-text-align-center\" data-align=\"center\"><strong><u>EQUIPO DOCENTE<\/u><\/strong><br><br><strong>Direcci\u00f3n:<\/strong>\u00a0<a rel=\"noreferrer noopener\" href=\"https:\/\/mautic.ides.org.ar\/r\/ff310f1ded6f99a7eb72fc9ac?ct=YTo1OntzOjY6InNvdXJjZSI7YToyOntpOjA7czo1OiJlbWFpbCI7aToxO2k6ODM7fXM6NToiZW1haWwiO2k6ODM7czo0OiJzdGF0IjtzOjIyOiI2MWQ1YWE2Y2U2MWRjNjc1MTg0NDczIjtzOjQ6ImxlYWQiO3M6NToiMTAzMDMiO3M6NzoiY2hhbm5lbCI7YToxOntzOjU6ImVtYWlsIjtpOjgzO319&amp;utm_source=cursos+virtuales\" target=\"_blank\">Elizabeth Jelin<\/a>,\u00a0<a rel=\"noreferrer noopener\" href=\"https:\/\/mautic.ides.org.ar\/r\/99487123e7deb301bb48971b8?ct=YTo1OntzOjY6InNvdXJjZSI7YToyOntpOjA7czo1OiJlbWFpbCI7aToxO2k6ODM7fXM6NToiZW1haWwiO2k6ODM7czo0OiJzdGF0IjtzOjIyOiI2MWQ1YWE2Y2U2MWRjNjc1MTg0NDczIjtzOjQ6ImxlYWQiO3M6NToiMTAzMDMiO3M6NzoiY2hhbm5lbCI7YToxOntzOjU6ImVtYWlsIjtpOjgzO319&amp;utm_source=cursos+virtuales\" target=\"_blank\">Eleonor Faur<\/a><br><strong>Coordinaci\u00f3n acad\u00e9mica:\u00a0<\/strong><a rel=\"noreferrer noopener\" href=\"https:\/\/mautic.ides.org.ar\/r\/a9e5597ade64b6aa60b19f768?ct=YTo1OntzOjY6InNvdXJjZSI7YToyOntpOjA7czo1OiJlbWFpbCI7aToxO2k6ODM7fXM6NToiZW1haWwiO2k6ODM7czo0OiJzdGF0IjtzOjIyOiI2MWQ1YWE2Y2U2MWRjNjc1MTg0NDczIjtzOjQ6ImxlYWQiO3M6NToiMTAzMDMiO3M6NzoiY2hhbm5lbCI7YToxOntzOjU6ImVtYWlsIjtpOjgzO319&amp;utm_source=cursos+virtuales\" target=\"_blank\">Victoria Daona<\/a><br><br><strong>Docentes:\u00a0<\/strong>Eleonor Faur, Elizabeth Jelin, Agustina Triquell, Mar\u00eda Ang\u00e9lica Cruz, Alejandra Oberti, Lucho Fabbri, Ariel S\u00e1nchez<\/td><\/tr><\/tbody><\/table><\/figure>\n","protected":false},"excerpt":{"rendered":"<p>Repensar los feminismos. Nudos y desaf\u00edos contempor\u00e1neos Inicio 12\/04\/2022 Este curso de\u00a0nivel de posgrado\u00a0propone un recorrido reflexivo por los nudos y dilemas que atraviesan en la actualidad a los feminismos y las perspectivas de g\u00e9nero. Durante el transcurso del siglo XXI, hubo una efervescencia considerable en el campo de lo que se puede llamar \u201cfeminismo(s)\u201d, [&hellip;]<\/p>\n","protected":false},"author":88893,"featured_media":42767,"comment_status":"open","ping_status":"closed","sticky":false,"template":"","format":"standard","meta":{"_genesis_hide_title":false,"_genesis_hide_breadcrumbs":false,"_genesis_hide_singular_image":false,"_genesis_hide_footer_widgets":false,"_genesis_custom_body_class":"","_genesis_custom_post_class":"","_genesis_layout":"","footnotes":""},"categories":[7,15],"tags":[],"class_list":{"0":"post-42766","1":"post","2":"type-post","3":"status-publish","4":"format-standard","5":"has-post-thumbnail","7":"category-menu-noticias","8":"category-menu-ementas","9":"entry"},"_links":{"self":[{"href":"https:\/\/alacip.org\/index.php?rest_route=\/wp\/v2\/posts\/42766","targetHints":{"allow":["GET"]}}],"collection":[{"href":"https:\/\/alacip.org\/index.php?rest_route=\/wp\/v2\/posts"}],"about":[{"href":"https:\/\/alacip.org\/index.php?rest_route=\/wp\/v2\/types\/post"}],"author":[{"embeddable":true,"href":"https:\/\/alacip.org\/index.php?rest_route=\/wp\/v2\/users\/88893"}],"replies":[{"embeddable":true,"href":"https:\/\/alacip.org\/index.php?rest_route=%2Fwp%2Fv2%2Fcomments&post=42766"}],"version-history":[{"count":1,"href":"https:\/\/alacip.org\/index.php?rest_route=\/wp\/v2\/posts\/42766\/revisions"}],"predecessor-version":[{"id":42768,"href":"https:\/\/alacip.org\/index.php?rest_route=\/wp\/v2\/posts\/42766\/revisions\/42768"}],"wp:featuredmedia":[{"embeddable":true,"href":"https:\/\/alacip.org\/index.php?rest_route=\/wp\/v2\/media\/42767"}],"wp:attachment":[{"href":"https:\/\/alacip.org\/index.php?rest_route=%2Fwp%2Fv2%2Fmedia&parent=42766"}],"wp:term":[{"taxonomy":"category","embeddable":true,"href":"https:\/\/alacip.org\/index.php?rest_route=%2Fwp%2Fv2%2Fcategories&post=42766"},{"taxonomy":"post_tag","embeddable":true,"href":"https:\/\/alacip.org\/index.php?rest_route=%2Fwp%2Fv2%2Ftags&post=42766"}],"curies":[{"name":"wp","href":"https:\/\/api.w.org\/{rel}","templated":true}]}}