{"id":49878,"date":"2025-09-09T12:09:38","date_gmt":"2025-09-09T15:09:38","guid":{"rendered":"https:\/\/alacip.org\/?p=49878"},"modified":"2026-03-30T14:42:09","modified_gmt":"2026-03-30T17:42:09","slug":"xiii-congreso-alacip-2026-utdt-buenos-aires-arg-cronograma-y-fechas","status":"publish","type":"post","link":"https:\/\/alacip.org\/?p=49878","title":{"rendered":"XIII Congreso ALACIP 2026 (UTDT, Buenos Aires, ARG) &#8211; Preinscripci\u00f3n, Sitio Web, Cronograma y Fechas"},"content":{"rendered":"\n<figure class=\"wp-block-image size-large\"><img loading=\"lazy\" decoding=\"async\" width=\"1024\" height=\"575\" src=\"https:\/\/alacip.org\/wp-content\/uploads\/2025\/09\/Banner-site-1024x575.jpeg\" alt=\"\" class=\"wp-image-50892\" srcset=\"https:\/\/alacip.org\/wp-content\/uploads\/2025\/09\/Banner-site-1024x575.jpeg 1024w, https:\/\/alacip.org\/wp-content\/uploads\/2025\/09\/Banner-site-300x169.jpeg 300w, https:\/\/alacip.org\/wp-content\/uploads\/2025\/09\/Banner-site-768x432.jpeg 768w, https:\/\/alacip.org\/wp-content\/uploads\/2025\/09\/Banner-site-1536x863.jpeg 1536w, https:\/\/alacip.org\/wp-content\/uploads\/2025\/09\/Banner-site.jpeg 1600w\" sizes=\"auto, (max-width: 1024px) 100vw, 1024px\" \/><\/figure>\n\n\n\n<p class=\"has-text-align-center\"><strong>XIII Congreso Latinoamericano de Ciencia Pol\u00edtica ALACIP 2026 en su agenda!<\/strong><\/p>\n\n\n\n<p class=\"has-text-align-center\">21 al 24 de julio 2026, la Ciudad de Buenos Aires, en la&nbsp;<a href=\"https:\/\/www.instagram.com\/univditella\/\">@univditella<\/a>&nbsp;, ser\u00e1 sede del encuentro acad\u00e9mico m\u00e1s importante de Ciencia Pol\u00edtica de la regi\u00f3n. Organizado por&nbsp;<a href=\"https:\/\/www.instagram.com\/redsaap\/\">@redsaap<\/a>&nbsp;y&nbsp;<a href=\"https:\/\/www.instagram.com\/ALACIP_oficial\/\">@ALACIP_oficial<\/a>.<\/p>\n\n\n\n<p class=\"has-text-align-center\">\u00a1Ya pod\u00e9s realizar la <strong><em>preinscripci\u00f3n<\/em> al XIII Congreso Latinoamericano de Ciencia Pol\u00edtica<\/strong> (<a href=\"https:\/\/www.instagram.com\/alacipcienciapolitica\/\">@alacipcienciapolitica<\/a>&nbsp;2026)!<\/p>\n\n\n\n<p><\/p>\n\n\n\n<hr class=\"wp-block-separator has-alpha-channel-opacity\"\/>\n\n\n\n<p><\/p>\n\n\n\n<p class=\"has-text-align-center\">&#x1f5d3; <strong>Preinscripci\u00f3n temprana abierta a trav\u00e9s de<\/strong> &#x1f449; <a href=\"http:\/\/micuenta.saap.org.ar\/\" data-type=\"link\" data-id=\"micuenta.saap.org.ar\/\">micuenta.saap.org.ar\/<\/a><\/p>\n\n\n\n<p class=\"has-text-align-center\">&#x1f310; <strong>Toda la informaci\u00f3n en la web oficial<\/strong> &#x1f449; <a href=\"http:\/\/congreso-alacip.saap.org.ar\">congreso-alacip.saap.org.ar<\/a><\/p>\n\n\n<div class=\"wp-block-image\">\n<figure class=\"aligncenter size-full is-resized\"><img loading=\"lazy\" decoding=\"async\" width=\"567\" height=\"478\" src=\"https:\/\/alacip.org\/wp-content\/uploads\/2025\/09\/ALACIP.png\" alt=\"\" class=\"wp-image-50894\" style=\"width:691px;height:auto\" srcset=\"https:\/\/alacip.org\/wp-content\/uploads\/2025\/09\/ALACIP.png 567w, https:\/\/alacip.org\/wp-content\/uploads\/2025\/09\/ALACIP-300x253.png 300w\" sizes=\"auto, (max-width: 567px) 100vw, 567px\" \/><\/figure>\n<\/div>\n\n\n<hr class=\"wp-block-separator has-alpha-channel-opacity\"\/>\n\n\n\n<p class=\"has-text-align-center\">&#x1f4c5; Ya pod\u00e9s conocer las fechas importantes. &#x1f4f7; \u00a1Agendalo y s\u00e9 parte de este Congreso hist\u00f3rico!&nbsp;<a href=\"https:\/\/www.instagram.com\/explore\/tags\/alacip2026\/\">#ALACIP2026<\/a><a href=\"https:\/\/www.instagram.com\/explore\/tags\/cienciapol%C3%ADtica\/\">#CienciaPol\u00edtica<\/a><a href=\"https:\/\/www.instagram.com\/explore\/tags\/saap\/\">#SAAP<\/a><a href=\"https:\/\/www.instagram.com\/explore\/tags\/alacip\/\">#ALACIP<\/a><\/p>\n","protected":false},"excerpt":{"rendered":"<p>XIII Congreso Latinoamericano de Ciencia Pol\u00edtica ALACIP 2026 en su agenda! 21 al 24 de julio 2026, la Ciudad de Buenos Aires, en la&nbsp;@univditella&nbsp;, ser\u00e1 sede del encuentro acad\u00e9mico m\u00e1s importante de Ciencia Pol\u00edtica de la regi\u00f3n. Organizado por&nbsp;@redsaap&nbsp;y&nbsp;@ALACIP_oficial. \u00a1Ya pod\u00e9s realizar la preinscripci\u00f3n al XIII Congreso Latinoamericano de Ciencia Pol\u00edtica (@alacipcienciapolitica&nbsp;2026)! &#x1f5d3; Preinscripci\u00f3n temprana [&hellip;]<\/p>\n","protected":false},"author":88893,"featured_media":50892,"comment_status":"open","ping_status":"closed","sticky":false,"template":"","format":"standard","meta":{"_genesis_hide_title":false,"_genesis_hide_breadcrumbs":false,"_genesis_hide_singular_image":false,"_genesis_hide_footer_widgets":false,"_genesis_custom_body_class":"","_genesis_custom_post_class":"","_genesis_layout":"","footnotes":""},"categories":[11,14,10,50,12,7,15],"tags":[],"class_list":{"0":"post-49878","1":"post","2":"type-post","3":"status-publish","4":"format-standard","5":"has-post-thumbnail","7":"category-cp-america-latina","8":"category-menu-associacoes","9":"category-ciencia-politica","10":"category-destaque_m","11":"category-cp-mundo","12":"category-menu-noticias","13":"category-menu-ementas","14":"entry"},"_links":{"self":[{"href":"https:\/\/alacip.org\/index.php?rest_route=\/wp\/v2\/posts\/49878","targetHints":{"allow":["GET"]}}],"collection":[{"href":"https:\/\/alacip.org\/index.php?rest_route=\/wp\/v2\/posts"}],"about":[{"href":"https:\/\/alacip.org\/index.php?rest_route=\/wp\/v2\/types\/post"}],"author":[{"embeddable":true,"href":"https:\/\/alacip.org\/index.php?rest_route=\/wp\/v2\/users\/88893"}],"replies":[{"embeddable":true,"href":"https:\/\/alacip.org\/index.php?rest_route=%2Fwp%2Fv2%2Fcomments&post=49878"}],"version-history":[{"count":5,"href":"https:\/\/alacip.org\/index.php?rest_route=\/wp\/v2\/posts\/49878\/revisions"}],"predecessor-version":[{"id":50895,"href":"https:\/\/alacip.org\/index.php?rest_route=\/wp\/v2\/posts\/49878\/revisions\/50895"}],"wp:featuredmedia":[{"embeddable":true,"href":"https:\/\/alacip.org\/index.php?rest_route=\/wp\/v2\/media\/50892"}],"wp:attachment":[{"href":"https:\/\/alacip.org\/index.php?rest_route=%2Fwp%2Fv2%2Fmedia&parent=49878"}],"wp:term":[{"taxonomy":"category","embeddable":true,"href":"https:\/\/alacip.org\/index.php?rest_route=%2Fwp%2Fv2%2Fcategories&post=49878"},{"taxonomy":"post_tag","embeddable":true,"href":"https:\/\/alacip.org\/index.php?rest_route=%2Fwp%2Fv2%2Ftags&post=49878"}],"curies":[{"name":"wp","href":"https:\/\/api.w.org\/{rel}","templated":true}]}}