{"id":50088,"date":"2025-10-15T20:58:10","date_gmt":"2025-10-15T23:58:10","guid":{"rendered":"https:\/\/alacip.org\/?p=50088"},"modified":"2025-10-15T20:59:16","modified_gmt":"2025-10-15T23:59:16","slug":"lancamento-do-livro-de-bonifacio-a-amorim-elementos-de-uma-teoria-social-da-politica-externa-brasileira-dawisson-belem-lopes-ufmg","status":"publish","type":"post","link":"https:\/\/alacip.org\/?p=50088","title":{"rendered":"Lan\u00e7amento do livro \u00abDe Bonif\u00e1cio a Amorim: elementos de uma teoria social da pol\u00edtica externa brasileira\u00bb &#8211; Dawisson Bel\u00e9m Lopes (UFMG)"},"content":{"rendered":"<div class=\"wp-block-image\">\n<figure class=\"aligncenter size-full\"><img loading=\"lazy\" decoding=\"async\" width=\"605\" height=\"869\" src=\"https:\/\/alacip.org\/wp-content\/uploads\/2025\/10\/De-Bonifacio-a-Amorim.jpg\" alt=\"\" class=\"wp-image-50089\" srcset=\"https:\/\/alacip.org\/wp-content\/uploads\/2025\/10\/De-Bonifacio-a-Amorim.jpg 605w, https:\/\/alacip.org\/wp-content\/uploads\/2025\/10\/De-Bonifacio-a-Amorim-209x300.jpg 209w\" sizes=\"auto, (max-width: 605px) 100vw, 605px\" \/><\/figure>\n<\/div>\n\n\n<p><\/p>\n\n\n\n<p id=\"viewer-mhrqs2591\">O <strong>livro<\/strong> \u00ab<strong><em>De Bonif\u00e1cio a Amorim: elementos de uma teoria social da pol\u00edtica externa brasileira<\/em><\/strong>\u00ab, de <strong>Dawisson Bel\u00e9m Lopes<\/strong> (<strong>UFMG<\/strong>), examina a trajet\u00f3ria de <strong>duzentos anos de pol\u00edtica externa do Brasil<\/strong>, desde a independ\u00eancia, relacionando-a com os contextos internos que marcaram a forma\u00e7\u00e3o do Estado e da sociedade.&nbsp;<\/p>\n\n\n\n<p id=\"viewer-y04673745\">O autor busca compreender como essas intera\u00e7\u00f5es moldaram a posi\u00e7\u00e3o que o pa\u00eds ocupa hoje no cen\u00e1rio internacional.<\/p>\n\n\n\n<p id=\"viewer-pljdf3747\">A proposta central do estudo \u00e9 teorizar a pol\u00edtica externa brasileira a partir de sua dimens\u00e3o social, considerando <strong>a<\/strong>&nbsp;<strong>sociedade como ponto de partida para explicar escolhas e estrat\u00e9gias<\/strong>. Para isso, o livro se organiza em torno de quatro eixos: o <strong>imagin\u00e1rio pol\u00edtico<\/strong>&nbsp;e as vari\u00e1veis socioecon\u00f4micas e culturais; o <strong>papel das institui\u00e7\u00f5es<\/strong>; os <strong>alinhamentos internacionais<\/strong>&nbsp;e suas justificativas; e os <strong>projetos de na\u00e7\u00e3o e de inser\u00e7\u00e3o global<\/strong>&nbsp;formulados ao longo da hist\u00f3ria.&nbsp;<\/p>\n\n\n\n<p id=\"viewer-doqc03761\">A obra resulta de tr\u00eas anos de pesquisa e escrita, integrando mais de duas d\u00e9cadas de investiga\u00e7\u00f5es do autor sobre o tema. A estrutura do livro abrange <strong>sete cap\u00edtulos<\/strong>, cada um acompanhado de um estudo de caso sobre o contexto brasileiro.&nbsp;<\/p>\n\n\n\n<p id=\"viewer-9yfan3765\">Os cap\u00edtulos tratam de temas como os <strong>fundamentos aristocr\u00e1ticos e olig\u00e1rquicos da pol\u00edtica externa<\/strong>, o impacto das institui\u00e7\u00f5es (em especial do <strong>Itamaraty<\/strong>) na defini\u00e7\u00e3o de diretrizes, a mudan\u00e7a de alinhamentos internacionais, com destaque para o <strong>BRICS<\/strong>, e a no\u00e7\u00e3o de \u201c<strong>diplomacia do conhecimento<\/strong>\u201d como estrat\u00e9gia nacional. Esses diferentes enfoques buscam relacionar fatores hist\u00f3ricos e sociais \u00e0 formula\u00e7\u00e3o da pol\u00edtica externa.<\/p>\n\n\n\n<p id=\"viewer-8137p3775\">Na conclus\u00e3o, <strong>o autor apresenta os elementos de uma teoria social da pol\u00edtica externa brasileira<\/strong>, organizados em uma \u201ccaixa de ferramentas te\u00f3rico-conceituais\u201d voltada \u00e0 an\u00e1lise das rela\u00e7\u00f5es internacionais do pa\u00eds.&nbsp;<\/p>\n\n\n\n<p id=\"viewer-yt2ji3779\">O volume tamb\u00e9m integra uma trilogia que inclui os livros <em>Pol\u00edtica Externa e Democracia no Brasil: Ensaio de Interpreta\u00e7\u00e3o Hist\u00f3rica<\/em>&nbsp;(2013) e <em>Democracia na Nova Rep\u00fablica: Os Primeiros 30 Anos<\/em>&nbsp;(2017), ampliando o di\u00e1logo entre pol\u00edtica, sociedade e rela\u00e7\u00f5es exteriores.<\/p>\n\n\n\n<p id=\"viewer-mdww83785\">O estudo foi desenvolvido entre o Brasil e o Reino Unido e aborda <strong>quest\u00f5es atuais da inser\u00e7\u00e3o internacional do pa\u00eds<\/strong>. Ao propor uma leitura que destaca a dimens\u00e3o social da pol\u00edtica externa, a obra busca oferecer novos par\u00e2metros para <strong>compreender como decis\u00f5es diplom\u00e1ticas se relacionam com din\u00e2micas internas e hist\u00f3ricas da sociedade brasileira<\/strong>.<\/p>\n\n\n\n<figure class=\"wp-block-table\"><table class=\"has-fixed-layout\"><tbody><tr><th><strong>Em resumo:<\/strong><br><br>&#8211; O livro <em>De Bonif\u00e1cio a Amorim<\/em>&nbsp;analisa <strong>200 anos da pol\u00edtica externa brasileira em di\u00e1logo com a sociedade<\/strong>.<br>&#8211; Prop\u00f5e uma <strong>teoria social da pol\u00edtica externa<\/strong>, com foco em como <strong>din\u00e2micas internas moldaram a inser\u00e7\u00e3o internacional do pa\u00eds<\/strong>.<br>&#8211; Estrutura-se em quatro eixos: imagin\u00e1rio pol\u00edtico e fatores socioculturais; papel das institui\u00e7\u00f5es; alinhamentos internacionais; e projetos de na\u00e7\u00e3o.<br>&#8211; S\u00e3o sete cap\u00edtulos, cada um acompanhado de um estudo de caso sobre o Brasil.<br>&#8211; O autor apresenta uma \u201ccaixa de ferramentas te\u00f3rico-conceituais\u201d para compreender a pol\u00edtica externa.<br>&#8211; A obra integra uma trilogia sobre democracia e pol\u00edtica externa no Brasil.<\/th><\/tr><\/tbody><\/table><\/figure>\n\n\n\n<p id=\"viewer-wdnxv21645\"><strong>Sobre o autor<\/strong><\/p>\n\n\n\n<p id=\"viewer-ocjwo4112\"><strong>Dawisson Bel\u00e9m Lopes <\/strong>\u00e9 professor de Pol\u00edtica Internacional e Comparada da Universidade Federal de Minas Gerais (UFMG). Atual Diretor do Escrit\u00f3rio de Governan\u00e7a de Dados Institucionais na UFMG.<\/p>\n\n\n\n<p id=\"viewer-yy80s5818\"><strong>FICHA T\u00c9CNICA<\/strong><\/p>\n\n\n\n<p id=\"viewer-en9ca7129\">T\u00edtulo: <em>De Bonif\u00e1cio a Amorim: elementos de uma teoria social da pol\u00edtica externa brasileira<\/em><\/p>\n\n\n\n<p id=\"viewer-l2tg75342\">Autor: Dawisson Bel\u00e9m Lopes<\/p>\n\n\n\n<p id=\"viewer-xexpz5345\">Editora: UFMG<\/p>\n\n\n\n<p id=\"viewer-xvzzq5348\">Ano de Publica\u00e7\u00e3o: 2025<\/p>\n\n\n\n<p id=\"viewer-n69gm5351\">ISBN: 6558581493<\/p>\n\n\n\n<p id=\"viewer-fe9xd5354\"><strong>Dispon\u00edvel em: <\/strong><a target=\"_blank\" href=\"https:\/\/www.amazon.com.br\/Bonif%C3%A1cio-Amorim-elementos-pol%C3%ADtica-brasileira\/dp\/6558581493\" rel=\"noreferrer noopener\"><strong><u>Amazon<\/u><\/strong><\/a><\/p>\n","protected":false},"excerpt":{"rendered":"<p>O livro \u00abDe Bonif\u00e1cio a Amorim: elementos de uma teoria social da pol\u00edtica externa brasileira\u00ab, de Dawisson Bel\u00e9m Lopes (UFMG), examina a trajet\u00f3ria de duzentos anos de pol\u00edtica externa do Brasil, desde a independ\u00eancia, relacionando-a com os contextos internos que marcaram a forma\u00e7\u00e3o do Estado e da sociedade.&nbsp; O autor busca compreender como essas intera\u00e7\u00f5es [&hellip;]<\/p>\n","protected":false},"author":88893,"featured_media":50089,"comment_status":"open","ping_status":"closed","sticky":false,"template":"","format":"standard","meta":{"_genesis_hide_title":false,"_genesis_hide_breadcrumbs":false,"_genesis_hide_singular_image":false,"_genesis_hide_footer_widgets":false,"_genesis_custom_body_class":"","_genesis_custom_post_class":"","_genesis_layout":"","footnotes":""},"categories":[11,10,53,7,13],"tags":[],"class_list":{"0":"post-50088","1":"post","2":"type-post","3":"status-publish","4":"format-standard","5":"has-post-thumbnail","7":"category-cp-america-latina","8":"category-ciencia-politica","9":"category-libros","10":"category-menu-noticias","11":"category-menu-publicacoes","12":"entry"},"_links":{"self":[{"href":"https:\/\/alacip.org\/index.php?rest_route=\/wp\/v2\/posts\/50088","targetHints":{"allow":["GET"]}}],"collection":[{"href":"https:\/\/alacip.org\/index.php?rest_route=\/wp\/v2\/posts"}],"about":[{"href":"https:\/\/alacip.org\/index.php?rest_route=\/wp\/v2\/types\/post"}],"author":[{"embeddable":true,"href":"https:\/\/alacip.org\/index.php?rest_route=\/wp\/v2\/users\/88893"}],"replies":[{"embeddable":true,"href":"https:\/\/alacip.org\/index.php?rest_route=%2Fwp%2Fv2%2Fcomments&post=50088"}],"version-history":[{"count":2,"href":"https:\/\/alacip.org\/index.php?rest_route=\/wp\/v2\/posts\/50088\/revisions"}],"predecessor-version":[{"id":50091,"href":"https:\/\/alacip.org\/index.php?rest_route=\/wp\/v2\/posts\/50088\/revisions\/50091"}],"wp:featuredmedia":[{"embeddable":true,"href":"https:\/\/alacip.org\/index.php?rest_route=\/wp\/v2\/media\/50089"}],"wp:attachment":[{"href":"https:\/\/alacip.org\/index.php?rest_route=%2Fwp%2Fv2%2Fmedia&parent=50088"}],"wp:term":[{"taxonomy":"category","embeddable":true,"href":"https:\/\/alacip.org\/index.php?rest_route=%2Fwp%2Fv2%2Fcategories&post=50088"},{"taxonomy":"post_tag","embeddable":true,"href":"https:\/\/alacip.org\/index.php?rest_route=%2Fwp%2Fv2%2Ftags&post=50088"}],"curies":[{"name":"wp","href":"https:\/\/api.w.org\/{rel}","templated":true}]}}