{"id":50354,"date":"2026-01-26T12:52:08","date_gmt":"2026-01-26T15:52:08","guid":{"rendered":"https:\/\/alacip.org\/?p=50354"},"modified":"2026-01-26T12:52:09","modified_gmt":"2026-01-26T15:52:09","slug":"xxxi-encontro-nacional-de-economia-politica-da-sociedade-brasileira-de-economia-politica-sep-universidade-do-estado-do-rio-de-janeiro-uerj-brasil","status":"publish","type":"post","link":"https:\/\/alacip.org\/?p=50354","title":{"rendered":"XXXI ENCONTRO NACIONAL DE ECONOMIA POL\u00cdTICA da Sociedade Brasileira de Economia Pol\u00edtica (SEP) &#8211; Universidade do Estado do Rio de Janeiro (UERJ; Brasil)"},"content":{"rendered":"<div class=\"wp-block-image\">\n<figure class=\"aligncenter size-large\"><img loading=\"lazy\" decoding=\"async\" width=\"1024\" height=\"790\" src=\"https:\/\/alacip.org\/wp-content\/uploads\/2026\/01\/XXXI-ENEP-1024x790.jpeg\" alt=\"\" class=\"wp-image-50355\" srcset=\"https:\/\/alacip.org\/wp-content\/uploads\/2026\/01\/XXXI-ENEP-1024x790.jpeg 1024w, https:\/\/alacip.org\/wp-content\/uploads\/2026\/01\/XXXI-ENEP-300x231.jpeg 300w, https:\/\/alacip.org\/wp-content\/uploads\/2026\/01\/XXXI-ENEP-768x592.jpeg 768w, https:\/\/alacip.org\/wp-content\/uploads\/2026\/01\/XXXI-ENEP-1536x1185.jpeg 1536w, https:\/\/alacip.org\/wp-content\/uploads\/2026\/01\/XXXI-ENEP.jpeg 1600w\" sizes=\"auto, (max-width: 1024px) 100vw, 1024px\" \/><\/figure>\n<\/div>\n\n\n<p><\/p>\n\n\n\n<p>A\u00a0<strong>Sociedade Brasileira de Economia Pol\u00edtica (SEP)<\/strong> foi fundada em 1996 como uma associa\u00e7\u00e3o sem fins econ\u00f4micos. Seu objetivo primordial \u00e9 garantir espa\u00e7o ampliado de discuss\u00e3o a todas as correntes te\u00f3ricas e \u00e1reas de trabalho que entendam a economia como uma ci\u00eancia essencialmente social e que, por isso mesmo, tenham na cr\u00edtica ao mainstream da Economia seu elemento comum e articulador das atividades acad\u00eamicas e pol\u00edticas.<\/p>\n\n\n\n<p>Dentre as diversas atividades organizadas e\/ou incentivadas pela SEP, destaca-se o <strong>Encontro Nacional de Economia Pol\u00edtica<\/strong>, de periodicidade anual, cuja primeira edi\u00e7\u00e3o \u00e9 de 1996. A institui\u00e7\u00e3o possui um peri\u00f3dico, a Revista da Sociedade Brasileira de Economia Pol\u00edtica, e articula estudos e pesquisas de seus associados em grupos de trabalho tem\u00e1ticos. A SEP articula-se com institui\u00e7\u00f5es nacionais e internacionais diversas, dentre as quais a Associa\u00e7\u00e3o Nacional dos Centros de P\u00f3s-Gradua\u00e7\u00e3o em Economia (ANPEC) e a Associa\u00e7\u00e3o Nacional dos Curso de Gradua\u00e7\u00e3o em Economia (ANGE) e a Sociedad Latinoamericana de Econom\u00eda Pol\u00edtica y Pensamiento Cr\u00edtico (SEPLA).<\/p>\n\n\n\n<p><strong>XXXI ENCONTRO NACIONAL DE ECONOMIA POL\u00cdTICA<\/strong><\/p>\n\n\n\n<p>O objetivo geral do XXXI ENEP, a ser realizado no ano de 2026 sob o tema \u201c<strong><em>O futuro do capitalismo: retrocessos, resist\u00eancias e alternativas<\/em><\/strong>\u201d, \u00e9 debater e mapear as tend\u00eancias da sociedade atual em diferentes dimens\u00f5es. O evento busca refletir criticamente sobre os retrocessos enfrentados nas \u00faltimas d\u00e9cadas, como os ataques \u00e0 democracia brasileira e os ataques comerciais dos Estados Unidos \u00e0s periferias, mapear as formas de resist\u00eancia desenvolvidas por movimentos sociais e populares para combater esses ataques e produzir reflex\u00f5es sobre qual \u00e9 o projeto de sociedade a ser defendido pelo campo progressista.<\/p>\n\n\n\n<p>O s\u00e9culo XXI tem se caracterizado por crises econ\u00f4micas, pol\u00edticas e ambientais severas, especialmente nos pa\u00edses perif\u00e9ricos. O crescimento da extrema-direita, a plataformiza\u00e7\u00e3o da economia e as quest\u00f5es clim\u00e1ticas comp\u00f5em um quadro complexo de retrocessos avaliados pelo pensamento cr\u00edtico. Neste contexto, torna-se tarefa indissoci\u00e1vel analisar como os movimentos sociais e coletivos populares, em suas m\u00faltiplas formas de organiza\u00e7\u00e3o e luta, articulam uma resist\u00eancia a esses processos e produzem experi\u00eancias concretas de participa\u00e7\u00e3o e transforma\u00e7\u00e3o social.<\/p>\n\n\n\n<p>O XXXI ENEP pretende, assim, possibilitar um espa\u00e7o de di\u00e1logos e debates que explorem as rela\u00e7\u00f5es entre as lutas da periferia em suas diferentes dimens\u00f5es e a capacidade de interferir nos espa\u00e7os de decis\u00e3o, com propostas de demandas e interlocu\u00e7\u00e3o com pr\u00e1ticas sociais j\u00e1 existentes, como o movimento Vida Al\u00e9m do Trabalho (VAT). A partir da economia pol\u00edtica e do pensamento cr\u00edtico a ela associado, o evento busca ampliar a discuss\u00e3o sobre os mecanismos de exclus\u00e3o e subordina\u00e7\u00e3o junto \u00e0 sociedade civil.<\/p>\n\n\n\n<p>Em car\u00e1ter propositivo, o evento discute as alternativas da democracia no Brasil pelo fortalecimento de processos participativos, pela valoriza\u00e7\u00e3o do conhecimento produzido nas periferias e pela integra\u00e7\u00e3o entre movimentos sociais, academia e institui\u00e7\u00f5es p\u00fablicas. Em \u00faltima inst\u00e2ncia, o XXXI ENEP visa n\u00e3o apenas analisar os limites do capitalismo contempor\u00e2neo e da crise democr\u00e1tica, mas tamb\u00e9m mapear caminhos poss\u00edveis para alternativas no Brasil e na Am\u00e9rica Latina e o protagonismo do Sul Global na atualidade.<\/p>\n\n\n\n<p><strong>Local:<\/strong> Universidade do Estado do Rio de Janeiro<\/p>\n\n\n\n<p><strong>Datas: <\/strong>09 a 12 de junho de 2026<\/p>\n\n\n\n<p><strong>Tema<\/strong>: <strong><em>O futuro do capitalismo: retrocessos, resist\u00eancias e alternativas<\/em><\/strong><\/p>\n\n\n\n<p><a href=\"https:\/\/www.sep.org.br\/01_sites\/01\/index.php\/enep-2\/enep-chamada-de-trabalhos\">Chamada de Trabalhos<\/a><\/p>\n\n\n\n<p><a href=\"https:\/\/www.sep.org.br\/01_sites\/01\/index.php\/enep-2\/enep-submissoes\">Submiss\u00f5es<\/a><\/p>\n\n\n\n<p><a href=\"https:\/\/www.sep.org.br\/01_sites\/01\/index.php\/enep-2\/enep-inscricoes\">Inscri\u00e7\u00f5es<\/a><\/p>\n\n\n\n<p><a href=\"https:\/\/www.sep.org.br\/01_sites\/01\/index.php\/enep-2\/enep-programacao\">Programa\u00e7\u00e3o<\/a><\/p>\n\n\n\n<p><strong>Informa\u00e7\u00f5es e d\u00favidas:&nbsp;<a href=\"mailto:enep@sep.org.br\">enep@sep.org.br<\/a><\/strong><\/p>\n","protected":false},"excerpt":{"rendered":"<p>A\u00a0Sociedade Brasileira de Economia Pol\u00edtica (SEP) foi fundada em 1996 como uma associa\u00e7\u00e3o sem fins econ\u00f4micos. Seu objetivo primordial \u00e9 garantir espa\u00e7o ampliado de discuss\u00e3o a todas as correntes te\u00f3ricas e \u00e1reas de trabalho que entendam a economia como uma ci\u00eancia essencialmente social e que, por isso mesmo, tenham na cr\u00edtica ao mainstream da Economia [&hellip;]<\/p>\n","protected":false},"author":88893,"featured_media":0,"comment_status":"open","ping_status":"closed","sticky":false,"template":"","format":"standard","meta":{"_genesis_hide_title":false,"_genesis_hide_breadcrumbs":false,"_genesis_hide_singular_image":false,"_genesis_hide_footer_widgets":false,"_genesis_custom_body_class":"","_genesis_custom_post_class":"","_genesis_layout":"","footnotes":""},"categories":[11,10,7,15],"tags":[],"class_list":{"0":"post-50354","1":"post","2":"type-post","3":"status-publish","4":"format-standard","6":"category-cp-america-latina","7":"category-ciencia-politica","8":"category-menu-noticias","9":"category-menu-ementas","10":"entry","11":"has-post-thumbnail"},"_links":{"self":[{"href":"https:\/\/alacip.org\/index.php?rest_route=\/wp\/v2\/posts\/50354","targetHints":{"allow":["GET"]}}],"collection":[{"href":"https:\/\/alacip.org\/index.php?rest_route=\/wp\/v2\/posts"}],"about":[{"href":"https:\/\/alacip.org\/index.php?rest_route=\/wp\/v2\/types\/post"}],"author":[{"embeddable":true,"href":"https:\/\/alacip.org\/index.php?rest_route=\/wp\/v2\/users\/88893"}],"replies":[{"embeddable":true,"href":"https:\/\/alacip.org\/index.php?rest_route=%2Fwp%2Fv2%2Fcomments&post=50354"}],"version-history":[{"count":1,"href":"https:\/\/alacip.org\/index.php?rest_route=\/wp\/v2\/posts\/50354\/revisions"}],"predecessor-version":[{"id":50356,"href":"https:\/\/alacip.org\/index.php?rest_route=\/wp\/v2\/posts\/50354\/revisions\/50356"}],"wp:attachment":[{"href":"https:\/\/alacip.org\/index.php?rest_route=%2Fwp%2Fv2%2Fmedia&parent=50354"}],"wp:term":[{"taxonomy":"category","embeddable":true,"href":"https:\/\/alacip.org\/index.php?rest_route=%2Fwp%2Fv2%2Fcategories&post=50354"},{"taxonomy":"post_tag","embeddable":true,"href":"https:\/\/alacip.org\/index.php?rest_route=%2Fwp%2Fv2%2Ftags&post=50354"}],"curies":[{"name":"wp","href":"https:\/\/api.w.org\/{rel}","templated":true}]}}